{"id":1680,"date":"2024-07-22T19:28:14","date_gmt":"2024-07-22T19:28:14","guid":{"rendered":"https:\/\/ec-sainte-therese.com\/?p=1680"},"modified":"2024-07-22T19:32:44","modified_gmt":"2024-07-22T19:32:44","slug":"anniversaire-80-ans-du-debarquement","status":"publish","type":"post","link":"https:\/\/ec-sainte-therese.com\/?p=1680","title":{"rendered":"ANNIVERSAIRE 80 ANS DU DEBARQUEMENT"},"content":{"rendered":"\t\t<div data-elementor-type=\"wp-post\" data-elementor-id=\"1680\" class=\"elementor elementor-1680\">\n\t\t\t\t\t\t<section class=\"elementor-section elementor-top-section elementor-element elementor-element-604a8a4 elementor-section-full_width elementor-section-height-default elementor-section-height-default\" data-id=\"604a8a4\" data-element_type=\"section\" data-e-type=\"section\" data-settings=\"{&quot;background_background&quot;:&quot;slideshow&quot;,&quot;background_slideshow_gallery&quot;:[{&quot;id&quot;:1685,&quot;url&quot;:&quot;https:\\\/\\\/ec-sainte-therese.com\\\/wp-content\\\/uploads\\\/2024\\\/07\\\/Plan-de-travail-1-5.jpg&quot;},{&quot;id&quot;:1686,&quot;url&quot;:&quot;https:\\\/\\\/ec-sainte-therese.com\\\/wp-content\\\/uploads\\\/2024\\\/07\\\/Plan-de-travail-2-5.jpg&quot;},{&quot;id&quot;:1687,&quot;url&quot;:&quot;https:\\\/\\\/ec-sainte-therese.com\\\/wp-content\\\/uploads\\\/2024\\\/07\\\/Plan-de-travail-3-4.png&quot;},{&quot;id&quot;:1688,&quot;url&quot;:&quot;https:\\\/\\\/ec-sainte-therese.com\\\/wp-content\\\/uploads\\\/2024\\\/07\\\/Plan-de-travail-4-4.png&quot;}],&quot;background_slideshow_loop&quot;:&quot;yes&quot;,&quot;background_slideshow_slide_duration&quot;:5000,&quot;background_slideshow_slide_transition&quot;:&quot;fade&quot;,&quot;background_slideshow_transition_duration&quot;:500}\">\n\t\t\t\t\t\t\t<div class=\"elementor-background-overlay\"><\/div>\n\t\t\t\t\t\t\t<div class=\"elementor-container elementor-column-gap-no\">\n\t\t\t\t\t<div class=\"elementor-column elementor-col-100 elementor-top-column elementor-element elementor-element-7001c99\" data-id=\"7001c99\" data-element_type=\"column\" data-e-type=\"column\">\n\t\t\t<div class=\"elementor-widget-wrap elementor-element-populated\">\n\t\t\t\t\t\t<section class=\"elementor-section elementor-inner-section elementor-element elementor-element-f1d0a2f elementor-section-boxed elementor-section-height-default elementor-section-height-default\" data-id=\"f1d0a2f\" data-element_type=\"section\" data-e-type=\"section\">\n\t\t\t\t\t\t<div class=\"elementor-container elementor-column-gap-default\">\n\t\t\t\t\t<div class=\"elementor-column elementor-col-100 elementor-inner-column elementor-element elementor-element-9889772\" data-id=\"9889772\" data-element_type=\"column\" data-e-type=\"column\">\n\t\t\t<div class=\"elementor-widget-wrap\">\n\t\t\t\t\t\t\t<\/div>\n\t\t<\/div>\n\t\t\t\t\t<\/div>\n\t\t<\/section>\n\t\t\t\t\t<\/div>\n\t\t<\/div>\n\t\t\t\t\t<\/div>\n\t\t<\/section>\n\t\t\t\t<section class=\"elementor-section elementor-top-section elementor-element elementor-element-33df576 elementor-section-boxed elementor-section-height-default elementor-section-height-default\" data-id=\"33df576\" data-element_type=\"section\" data-e-type=\"section\">\n\t\t\t\t\t\t<div class=\"elementor-container elementor-column-gap-default\">\n\t\t\t\t\t<div class=\"elementor-column elementor-col-100 elementor-top-column elementor-element elementor-element-78c2b5d\" data-id=\"78c2b5d\" data-element_type=\"column\" data-e-type=\"column\">\n\t\t\t<div class=\"elementor-widget-wrap elementor-element-populated\">\n\t\t\t\t\t\t<div class=\"elementor-element elementor-element-f171061 elementor-widget elementor-widget-text-editor\" data-id=\"f171061\" data-element_type=\"widget\" data-e-type=\"widget\" data-widget_type=\"text-editor.default\">\n\t\t\t\t<div class=\"elementor-widget-container\">\n\t\t\t\t\t\t\t\t\tLes \u00e9l\u00e8ves de CE2-CM1 et CM2 ont particip\u00e9 \u00e0 la comm\u00e9moration des 80 ans du d\u00e9barquement \u00e0 Malicorne le 18 juin.\nEn plus de chanter la Marseillaise, les \u00e9l\u00e8ves ont d\u00e9fil\u00e9 dans Malicorne et le cort\u00e8ge s\u2019est rendu au monument aux morts.\nMerci \u00e0 la municipalit\u00e9 pour le cocktail offert \u00e0 la suite.\t\t\t\t\t\t\t\t<\/div>\n\t\t\t\t<\/div>\n\t\t\t\t\t<\/div>\n\t\t<\/div>\n\t\t\t\t\t<\/div>\n\t\t<\/section>\n\t\t\t\t<\/div>\n\t\t","protected":false},"excerpt":{"rendered":"<p>Les \u00e9l\u00e8ves de CE2-CM1 et CM2 ont particip\u00e9 \u00e0 la comm\u00e9moration des 80 ans du d\u00e9barquement \u00e0 Malicorne le 18 juin. En plus de chanter la Marseillaise, les \u00e9l\u00e8ves ont d\u00e9fil\u00e9 dans Malicorne et le cort\u00e8ge s\u2019est rendu au monument aux morts. Merci \u00e0 la municipalit\u00e9 pour le cocktail offert \u00e0 la suite.<\/p>\n","protected":false},"author":1,"featured_media":1688,"comment_status":"open","ping_status":"open","sticky":false,"template":"","format":"standard","meta":{"site-sidebar-layout":"default","site-content-layout":"","ast-site-content-layout":"default","site-content-style":"default","site-sidebar-style":"default","ast-global-header-display":"","ast-banner-title-visibility":"","ast-main-header-display":"","ast-hfb-above-header-display":"","ast-hfb-below-header-display":"","ast-hfb-mobile-header-display":"","site-post-title":"","ast-breadcrumbs-content":"","ast-featured-img":"","footer-sml-layout":"","ast-disable-related-posts":"","theme-transparent-header-meta":"","adv-header-id-meta":"","stick-header-meta":"","header-above-stick-meta":"","header-main-stick-meta":"","header-below-stick-meta":"","astra-migrate-meta-layouts":"set","ast-page-background-enabled":"default","ast-page-background-meta":{"desktop":{"background-color":"var(--ast-global-color-4)","background-image":"","background-repeat":"repeat","background-position":"center center","background-size":"auto","background-attachment":"scroll","background-type":"","background-media":"","overlay-type":"","overlay-color":"","overlay-opacity":"","overlay-gradient":""},"tablet":{"background-color":"","background-image":"","background-repeat":"repeat","background-position":"center center","background-size":"auto","background-attachment":"scroll","background-type":"","background-media":"","overlay-type":"","overlay-color":"","overlay-opacity":"","overlay-gradient":""},"mobile":{"background-color":"","background-image":"","background-repeat":"repeat","background-position":"center center","background-size":"auto","background-attachment":"scroll","background-type":"","background-media":"","overlay-type":"","overlay-color":"","overlay-opacity":"","overlay-gradient":""}},"ast-content-background-meta":{"desktop":{"background-color":"var(--ast-global-color-5)","background-image":"","background-repeat":"repeat","background-position":"center center","background-size":"auto","background-attachment":"scroll","background-type":"","background-media":"","overlay-type":"","overlay-color":"","overlay-opacity":"","overlay-gradient":""},"tablet":{"background-color":"var(--ast-global-color-5)","background-image":"","background-repeat":"repeat","background-position":"center center","background-size":"auto","background-attachment":"scroll","background-type":"","background-media":"","overlay-type":"","overlay-color":"","overlay-opacity":"","overlay-gradient":""},"mobile":{"background-color":"var(--ast-global-color-5)","background-image":"","background-repeat":"repeat","background-position":"center center","background-size":"auto","background-attachment":"scroll","background-type":"","background-media":"","overlay-type":"","overlay-color":"","overlay-opacity":"","overlay-gradient":""}},"footnotes":""},"categories":[1],"tags":[],"class_list":["post-1680","post","type-post","status-publish","format-standard","has-post-thumbnail","hentry","category-uncategorized"],"yoast_head":"<!-- This site is optimized with the Yoast SEO plugin v27.4 - https:\/\/yoast.com\/product\/yoast-seo-wordpress\/ -->\n<title>ANNIVERSAIRE 80 ANS DU DEBARQUEMENT - ECOLE PRIVEE SAINTE THERESE<\/title>\n<meta name=\"robots\" content=\"index, follow, max-snippet:-1, max-image-preview:large, max-video-preview:-1\" \/>\n<link rel=\"canonical\" href=\"https:\/\/ec-sainte-therese.com\/?p=1680\" \/>\n<meta property=\"og:locale\" content=\"fr_FR\" \/>\n<meta property=\"og:type\" content=\"article\" \/>\n<meta property=\"og:title\" content=\"ANNIVERSAIRE 80 ANS DU DEBARQUEMENT - ECOLE PRIVEE SAINTE THERESE\" \/>\n<meta property=\"og:description\" content=\"Les \u00e9l\u00e8ves de CE2-CM1 et CM2 ont particip\u00e9 \u00e0 la comm\u00e9moration des 80 ans du d\u00e9barquement \u00e0 Malicorne le 18 juin. En plus de chanter la Marseillaise, les \u00e9l\u00e8ves ont d\u00e9fil\u00e9 dans Malicorne et le cort\u00e8ge s\u2019est rendu au monument aux morts. Merci \u00e0 la municipalit\u00e9 pour le cocktail offert \u00e0 la suite.\" \/>\n<meta property=\"og:url\" content=\"https:\/\/ec-sainte-therese.com\/?p=1680\" \/>\n<meta property=\"og:site_name\" content=\"ECOLE PRIVEE SAINTE THERESE\" \/>\n<meta property=\"article:publisher\" content=\"https:\/\/www.facebook.com\/APELSAINTETHERESE72\" \/>\n<meta property=\"article:author\" content=\"https:\/\/www.facebook.com\/APELSAINTETHERESE72\" \/>\n<meta property=\"article:published_time\" content=\"2024-07-22T19:28:14+00:00\" \/>\n<meta property=\"article:modified_time\" content=\"2024-07-22T19:32:44+00:00\" \/>\n<meta property=\"og:image\" content=\"https:\/\/ec-sainte-therese.com\/wp-content\/uploads\/2024\/07\/Plan-de-travail-4-4-1024x485.png\" \/>\n\t<meta property=\"og:image:width\" content=\"1024\" \/>\n\t<meta property=\"og:image:height\" content=\"485\" \/>\n\t<meta property=\"og:image:type\" content=\"image\/png\" \/>\n<meta name=\"author\" content=\"ECOLE SAINTE THERESE\" \/>\n<meta name=\"twitter:card\" content=\"summary_large_image\" \/>\n<meta name=\"twitter:label1\" content=\"\u00c9crit par\" \/>\n\t<meta name=\"twitter:data1\" content=\"ECOLE SAINTE THERESE\" \/>\n\t<meta name=\"twitter:label2\" content=\"Dur\u00e9e de lecture estim\u00e9e\" \/>\n\t<meta name=\"twitter:data2\" content=\"1 minute\" \/>\n<script type=\"application\/ld+json\" class=\"yoast-schema-graph\">{\"@context\":\"https:\\\/\\\/schema.org\",\"@graph\":[{\"@type\":\"Article\",\"@id\":\"https:\\\/\\\/ec-sainte-therese.com\\\/?p=1680#article\",\"isPartOf\":{\"@id\":\"https:\\\/\\\/ec-sainte-therese.com\\\/?p=1680\"},\"author\":{\"name\":\"ECOLE SAINTE THERESE\",\"@id\":\"https:\\\/\\\/ec-sainte-therese.com\\\/#\\\/schema\\\/person\\\/0fa406d6b076acf9ac0e2b93f301a7fa\"},\"headline\":\"ANNIVERSAIRE 80 ANS DU DEBARQUEMENT\",\"datePublished\":\"2024-07-22T19:28:14+00:00\",\"dateModified\":\"2024-07-22T19:32:44+00:00\",\"mainEntityOfPage\":{\"@id\":\"https:\\\/\\\/ec-sainte-therese.com\\\/?p=1680\"},\"wordCount\":59,\"commentCount\":0,\"publisher\":{\"@id\":\"https:\\\/\\\/ec-sainte-therese.com\\\/#organization\"},\"image\":{\"@id\":\"https:\\\/\\\/ec-sainte-therese.com\\\/?p=1680#primaryimage\"},\"thumbnailUrl\":\"https:\\\/\\\/ec-sainte-therese.com\\\/wp-content\\\/uploads\\\/2024\\\/07\\\/Plan-de-travail-4-4.png\",\"articleSection\":[\"Uncategorized\"],\"inLanguage\":\"fr-FR\",\"potentialAction\":[{\"@type\":\"CommentAction\",\"name\":\"Comment\",\"target\":[\"https:\\\/\\\/ec-sainte-therese.com\\\/?p=1680#respond\"]}]},{\"@type\":\"WebPage\",\"@id\":\"https:\\\/\\\/ec-sainte-therese.com\\\/?p=1680\",\"url\":\"https:\\\/\\\/ec-sainte-therese.com\\\/?p=1680\",\"name\":\"ANNIVERSAIRE 80 ANS DU DEBARQUEMENT - ECOLE PRIVEE SAINTE THERESE\",\"isPartOf\":{\"@id\":\"https:\\\/\\\/ec-sainte-therese.com\\\/#website\"},\"primaryImageOfPage\":{\"@id\":\"https:\\\/\\\/ec-sainte-therese.com\\\/?p=1680#primaryimage\"},\"image\":{\"@id\":\"https:\\\/\\\/ec-sainte-therese.com\\\/?p=1680#primaryimage\"},\"thumbnailUrl\":\"https:\\\/\\\/ec-sainte-therese.com\\\/wp-content\\\/uploads\\\/2024\\\/07\\\/Plan-de-travail-4-4.png\",\"datePublished\":\"2024-07-22T19:28:14+00:00\",\"dateModified\":\"2024-07-22T19:32:44+00:00\",\"breadcrumb\":{\"@id\":\"https:\\\/\\\/ec-sainte-therese.com\\\/?p=1680#breadcrumb\"},\"inLanguage\":\"fr-FR\",\"potentialAction\":[{\"@type\":\"ReadAction\",\"target\":[\"https:\\\/\\\/ec-sainte-therese.com\\\/?p=1680\"]}]},{\"@type\":\"ImageObject\",\"inLanguage\":\"fr-FR\",\"@id\":\"https:\\\/\\\/ec-sainte-therese.com\\\/?p=1680#primaryimage\",\"url\":\"https:\\\/\\\/ec-sainte-therese.com\\\/wp-content\\\/uploads\\\/2024\\\/07\\\/Plan-de-travail-4-4.png\",\"contentUrl\":\"https:\\\/\\\/ec-sainte-therese.com\\\/wp-content\\\/uploads\\\/2024\\\/07\\\/Plan-de-travail-4-4.png\",\"width\":1440,\"height\":682},{\"@type\":\"BreadcrumbList\",\"@id\":\"https:\\\/\\\/ec-sainte-therese.com\\\/?p=1680#breadcrumb\",\"itemListElement\":[{\"@type\":\"ListItem\",\"position\":1,\"name\":\"Accueil\",\"item\":\"https:\\\/\\\/ec-sainte-therese.com\\\/\"},{\"@type\":\"ListItem\",\"position\":2,\"name\":\"ANNIVERSAIRE 80 ANS DU DEBARQUEMENT\"}]},{\"@type\":\"WebSite\",\"@id\":\"https:\\\/\\\/ec-sainte-therese.com\\\/#website\",\"url\":\"https:\\\/\\\/ec-sainte-therese.com\\\/\",\"name\":\"ECOLE PRIVEE SAINTE THERESE\",\"description\":\"\",\"publisher\":{\"@id\":\"https:\\\/\\\/ec-sainte-therese.com\\\/#organization\"},\"potentialAction\":[{\"@type\":\"SearchAction\",\"target\":{\"@type\":\"EntryPoint\",\"urlTemplate\":\"https:\\\/\\\/ec-sainte-therese.com\\\/?s={search_term_string}\"},\"query-input\":{\"@type\":\"PropertyValueSpecification\",\"valueRequired\":true,\"valueName\":\"search_term_string\"}}],\"inLanguage\":\"fr-FR\"},{\"@type\":\"Organization\",\"@id\":\"https:\\\/\\\/ec-sainte-therese.com\\\/#organization\",\"name\":\"ECOLE SAINTE THERESE\",\"alternateName\":\"ECOLE PRIVE\",\"url\":\"https:\\\/\\\/ec-sainte-therese.com\\\/\",\"logo\":{\"@type\":\"ImageObject\",\"inLanguage\":\"fr-FR\",\"@id\":\"https:\\\/\\\/ec-sainte-therese.com\\\/#\\\/schema\\\/logo\\\/image\\\/\",\"url\":\"https:\\\/\\\/ec-sainte-therese.com\\\/wp-content\\\/uploads\\\/2022\\\/12\\\/cropped-logo.png\",\"contentUrl\":\"https:\\\/\\\/ec-sainte-therese.com\\\/wp-content\\\/uploads\\\/2022\\\/12\\\/cropped-logo.png\",\"width\":240,\"height\":91,\"caption\":\"ECOLE SAINTE THERESE\"},\"image\":{\"@id\":\"https:\\\/\\\/ec-sainte-therese.com\\\/#\\\/schema\\\/logo\\\/image\\\/\"},\"sameAs\":[\"https:\\\/\\\/www.facebook.com\\\/APELSAINTETHERESE72\"]},{\"@type\":\"Person\",\"@id\":\"https:\\\/\\\/ec-sainte-therese.com\\\/#\\\/schema\\\/person\\\/0fa406d6b076acf9ac0e2b93f301a7fa\",\"name\":\"ECOLE SAINTE THERESE\",\"image\":{\"@type\":\"ImageObject\",\"inLanguage\":\"fr-FR\",\"@id\":\"https:\\\/\\\/secure.gravatar.com\\\/avatar\\\/bd21ae5d5f9424afceef326c52f10a03e4af42f2998617ce38bf7bb969b93afb?s=96&d=mm&r=g\",\"url\":\"https:\\\/\\\/secure.gravatar.com\\\/avatar\\\/bd21ae5d5f9424afceef326c52f10a03e4af42f2998617ce38bf7bb969b93afb?s=96&d=mm&r=g\",\"contentUrl\":\"https:\\\/\\\/secure.gravatar.com\\\/avatar\\\/bd21ae5d5f9424afceef326c52f10a03e4af42f2998617ce38bf7bb969b93afb?s=96&d=mm&r=g\",\"caption\":\"ECOLE SAINTE THERESE\"},\"sameAs\":[\"http:\\\/\\\/ec-sainte-therese.com\",\"https:\\\/\\\/www.facebook.com\\\/APELSAINTETHERESE72\"],\"url\":\"https:\\\/\\\/ec-sainte-therese.com\\\/?author=1\"}]}<\/script>\n<!-- \/ Yoast SEO plugin. -->","yoast_head_json":{"title":"ANNIVERSAIRE 80 ANS DU DEBARQUEMENT - ECOLE PRIVEE SAINTE THERESE","robots":{"index":"index","follow":"follow","max-snippet":"max-snippet:-1","max-image-preview":"max-image-preview:large","max-video-preview":"max-video-preview:-1"},"canonical":"https:\/\/ec-sainte-therese.com\/?p=1680","og_locale":"fr_FR","og_type":"article","og_title":"ANNIVERSAIRE 80 ANS DU DEBARQUEMENT - ECOLE PRIVEE SAINTE THERESE","og_description":"Les \u00e9l\u00e8ves de CE2-CM1 et CM2 ont particip\u00e9 \u00e0 la comm\u00e9moration des 80 ans du d\u00e9barquement \u00e0 Malicorne le 18 juin. En plus de chanter la Marseillaise, les \u00e9l\u00e8ves ont d\u00e9fil\u00e9 dans Malicorne et le cort\u00e8ge s\u2019est rendu au monument aux morts. Merci \u00e0 la municipalit\u00e9 pour le cocktail offert \u00e0 la suite.","og_url":"https:\/\/ec-sainte-therese.com\/?p=1680","og_site_name":"ECOLE PRIVEE SAINTE THERESE","article_publisher":"https:\/\/www.facebook.com\/APELSAINTETHERESE72","article_author":"https:\/\/www.facebook.com\/APELSAINTETHERESE72","article_published_time":"2024-07-22T19:28:14+00:00","article_modified_time":"2024-07-22T19:32:44+00:00","og_image":[{"width":1024,"height":485,"url":"https:\/\/ec-sainte-therese.com\/wp-content\/uploads\/2024\/07\/Plan-de-travail-4-4-1024x485.png","type":"image\/png"}],"author":"ECOLE SAINTE THERESE","twitter_card":"summary_large_image","twitter_misc":{"\u00c9crit par":"ECOLE SAINTE THERESE","Dur\u00e9e de lecture estim\u00e9e":"1 minute"},"schema":{"@context":"https:\/\/schema.org","@graph":[{"@type":"Article","@id":"https:\/\/ec-sainte-therese.com\/?p=1680#article","isPartOf":{"@id":"https:\/\/ec-sainte-therese.com\/?p=1680"},"author":{"name":"ECOLE SAINTE THERESE","@id":"https:\/\/ec-sainte-therese.com\/#\/schema\/person\/0fa406d6b076acf9ac0e2b93f301a7fa"},"headline":"ANNIVERSAIRE 80 ANS DU DEBARQUEMENT","datePublished":"2024-07-22T19:28:14+00:00","dateModified":"2024-07-22T19:32:44+00:00","mainEntityOfPage":{"@id":"https:\/\/ec-sainte-therese.com\/?p=1680"},"wordCount":59,"commentCount":0,"publisher":{"@id":"https:\/\/ec-sainte-therese.com\/#organization"},"image":{"@id":"https:\/\/ec-sainte-therese.com\/?p=1680#primaryimage"},"thumbnailUrl":"https:\/\/ec-sainte-therese.com\/wp-content\/uploads\/2024\/07\/Plan-de-travail-4-4.png","articleSection":["Uncategorized"],"inLanguage":"fr-FR","potentialAction":[{"@type":"CommentAction","name":"Comment","target":["https:\/\/ec-sainte-therese.com\/?p=1680#respond"]}]},{"@type":"WebPage","@id":"https:\/\/ec-sainte-therese.com\/?p=1680","url":"https:\/\/ec-sainte-therese.com\/?p=1680","name":"ANNIVERSAIRE 80 ANS DU DEBARQUEMENT - ECOLE PRIVEE SAINTE THERESE","isPartOf":{"@id":"https:\/\/ec-sainte-therese.com\/#website"},"primaryImageOfPage":{"@id":"https:\/\/ec-sainte-therese.com\/?p=1680#primaryimage"},"image":{"@id":"https:\/\/ec-sainte-therese.com\/?p=1680#primaryimage"},"thumbnailUrl":"https:\/\/ec-sainte-therese.com\/wp-content\/uploads\/2024\/07\/Plan-de-travail-4-4.png","datePublished":"2024-07-22T19:28:14+00:00","dateModified":"2024-07-22T19:32:44+00:00","breadcrumb":{"@id":"https:\/\/ec-sainte-therese.com\/?p=1680#breadcrumb"},"inLanguage":"fr-FR","potentialAction":[{"@type":"ReadAction","target":["https:\/\/ec-sainte-therese.com\/?p=1680"]}]},{"@type":"ImageObject","inLanguage":"fr-FR","@id":"https:\/\/ec-sainte-therese.com\/?p=1680#primaryimage","url":"https:\/\/ec-sainte-therese.com\/wp-content\/uploads\/2024\/07\/Plan-de-travail-4-4.png","contentUrl":"https:\/\/ec-sainte-therese.com\/wp-content\/uploads\/2024\/07\/Plan-de-travail-4-4.png","width":1440,"height":682},{"@type":"BreadcrumbList","@id":"https:\/\/ec-sainte-therese.com\/?p=1680#breadcrumb","itemListElement":[{"@type":"ListItem","position":1,"name":"Accueil","item":"https:\/\/ec-sainte-therese.com\/"},{"@type":"ListItem","position":2,"name":"ANNIVERSAIRE 80 ANS DU DEBARQUEMENT"}]},{"@type":"WebSite","@id":"https:\/\/ec-sainte-therese.com\/#website","url":"https:\/\/ec-sainte-therese.com\/","name":"ECOLE PRIVEE SAINTE THERESE","description":"","publisher":{"@id":"https:\/\/ec-sainte-therese.com\/#organization"},"potentialAction":[{"@type":"SearchAction","target":{"@type":"EntryPoint","urlTemplate":"https:\/\/ec-sainte-therese.com\/?s={search_term_string}"},"query-input":{"@type":"PropertyValueSpecification","valueRequired":true,"valueName":"search_term_string"}}],"inLanguage":"fr-FR"},{"@type":"Organization","@id":"https:\/\/ec-sainte-therese.com\/#organization","name":"ECOLE SAINTE THERESE","alternateName":"ECOLE PRIVE","url":"https:\/\/ec-sainte-therese.com\/","logo":{"@type":"ImageObject","inLanguage":"fr-FR","@id":"https:\/\/ec-sainte-therese.com\/#\/schema\/logo\/image\/","url":"https:\/\/ec-sainte-therese.com\/wp-content\/uploads\/2022\/12\/cropped-logo.png","contentUrl":"https:\/\/ec-sainte-therese.com\/wp-content\/uploads\/2022\/12\/cropped-logo.png","width":240,"height":91,"caption":"ECOLE SAINTE THERESE"},"image":{"@id":"https:\/\/ec-sainte-therese.com\/#\/schema\/logo\/image\/"},"sameAs":["https:\/\/www.facebook.com\/APELSAINTETHERESE72"]},{"@type":"Person","@id":"https:\/\/ec-sainte-therese.com\/#\/schema\/person\/0fa406d6b076acf9ac0e2b93f301a7fa","name":"ECOLE SAINTE THERESE","image":{"@type":"ImageObject","inLanguage":"fr-FR","@id":"https:\/\/secure.gravatar.com\/avatar\/bd21ae5d5f9424afceef326c52f10a03e4af42f2998617ce38bf7bb969b93afb?s=96&d=mm&r=g","url":"https:\/\/secure.gravatar.com\/avatar\/bd21ae5d5f9424afceef326c52f10a03e4af42f2998617ce38bf7bb969b93afb?s=96&d=mm&r=g","contentUrl":"https:\/\/secure.gravatar.com\/avatar\/bd21ae5d5f9424afceef326c52f10a03e4af42f2998617ce38bf7bb969b93afb?s=96&d=mm&r=g","caption":"ECOLE SAINTE THERESE"},"sameAs":["http:\/\/ec-sainte-therese.com","https:\/\/www.facebook.com\/APELSAINTETHERESE72"],"url":"https:\/\/ec-sainte-therese.com\/?author=1"}]}},"_links":{"self":[{"href":"https:\/\/ec-sainte-therese.com\/index.php?rest_route=\/wp\/v2\/posts\/1680","targetHints":{"allow":["GET"]}}],"collection":[{"href":"https:\/\/ec-sainte-therese.com\/index.php?rest_route=\/wp\/v2\/posts"}],"about":[{"href":"https:\/\/ec-sainte-therese.com\/index.php?rest_route=\/wp\/v2\/types\/post"}],"author":[{"embeddable":true,"href":"https:\/\/ec-sainte-therese.com\/index.php?rest_route=\/wp\/v2\/users\/1"}],"replies":[{"embeddable":true,"href":"https:\/\/ec-sainte-therese.com\/index.php?rest_route=%2Fwp%2Fv2%2Fcomments&post=1680"}],"version-history":[{"count":7,"href":"https:\/\/ec-sainte-therese.com\/index.php?rest_route=\/wp\/v2\/posts\/1680\/revisions"}],"predecessor-version":[{"id":1691,"href":"https:\/\/ec-sainte-therese.com\/index.php?rest_route=\/wp\/v2\/posts\/1680\/revisions\/1691"}],"wp:featuredmedia":[{"embeddable":true,"href":"https:\/\/ec-sainte-therese.com\/index.php?rest_route=\/wp\/v2\/media\/1688"}],"wp:attachment":[{"href":"https:\/\/ec-sainte-therese.com\/index.php?rest_route=%2Fwp%2Fv2%2Fmedia&parent=1680"}],"wp:term":[{"taxonomy":"category","embeddable":true,"href":"https:\/\/ec-sainte-therese.com\/index.php?rest_route=%2Fwp%2Fv2%2Fcategories&post=1680"},{"taxonomy":"post_tag","embeddable":true,"href":"https:\/\/ec-sainte-therese.com\/index.php?rest_route=%2Fwp%2Fv2%2Ftags&post=1680"}],"curies":[{"name":"wp","href":"https:\/\/api.w.org\/{rel}","templated":true}]}}