{"id":2172,"date":"2025-11-01T14:44:23","date_gmt":"2025-11-01T14:44:23","guid":{"rendered":"https:\/\/ec-sainte-therese.com\/?p=2172"},"modified":"2026-04-15T21:10:38","modified_gmt":"2026-04-15T21:10:38","slug":"une-belle-kermesse-pour-cloturer-lannee-scolaire-2024-2025","status":"publish","type":"post","link":"https:\/\/ec-sainte-therese.com\/?p=2172","title":{"rendered":"UNE BELLE KERMESSE POUR CLOTURER L\u2019ANNEE SCOLAIRE 2024-2025"},"content":{"rendered":"\t\t<div data-elementor-type=\"wp-post\" data-elementor-id=\"2172\" class=\"elementor elementor-2172\">\n\t\t\t\t\t\t<section class=\"elementor-section elementor-top-section elementor-element elementor-element-604a8a4 elementor-section-full_width elementor-section-height-default elementor-section-height-default\" data-id=\"604a8a4\" data-element_type=\"section\" data-e-type=\"section\" data-settings=\"{&quot;background_background&quot;:&quot;slideshow&quot;,&quot;background_slideshow_gallery&quot;:[{&quot;id&quot;:2217,&quot;url&quot;:&quot;https:\\\/\\\/ec-sainte-therese.com\\\/wp-content\\\/uploads\\\/2025\\\/11\\\/Plan-de-travail-1-2.jpg&quot;},{&quot;id&quot;:2218,&quot;url&quot;:&quot;https:\\\/\\\/ec-sainte-therese.com\\\/wp-content\\\/uploads\\\/2025\\\/11\\\/Plan-de-travail-2-2.jpg&quot;},{&quot;id&quot;:2219,&quot;url&quot;:&quot;https:\\\/\\\/ec-sainte-therese.com\\\/wp-content\\\/uploads\\\/2025\\\/11\\\/Plan-de-travail-3-2.jpg&quot;},{&quot;id&quot;:2220,&quot;url&quot;:&quot;https:\\\/\\\/ec-sainte-therese.com\\\/wp-content\\\/uploads\\\/2025\\\/11\\\/Plan-de-travail-4-1.jpg&quot;},{&quot;id&quot;:2221,&quot;url&quot;:&quot;https:\\\/\\\/ec-sainte-therese.com\\\/wp-content\\\/uploads\\\/2025\\\/11\\\/Plan-de-travail-5-1.jpg&quot;},{&quot;id&quot;:2222,&quot;url&quot;:&quot;https:\\\/\\\/ec-sainte-therese.com\\\/wp-content\\\/uploads\\\/2025\\\/11\\\/Plan-de-travail-6.jpg&quot;},{&quot;id&quot;:2223,&quot;url&quot;:&quot;https:\\\/\\\/ec-sainte-therese.com\\\/wp-content\\\/uploads\\\/2025\\\/11\\\/Plan-de-travail-7.jpg&quot;},{&quot;id&quot;:2224,&quot;url&quot;:&quot;https:\\\/\\\/ec-sainte-therese.com\\\/wp-content\\\/uploads\\\/2025\\\/11\\\/Plan-de-travail-8.jpg&quot;},{&quot;id&quot;:2225,&quot;url&quot;:&quot;https:\\\/\\\/ec-sainte-therese.com\\\/wp-content\\\/uploads\\\/2025\\\/11\\\/Plan-de-travail-9.jpg&quot;},{&quot;id&quot;:2226,&quot;url&quot;:&quot;https:\\\/\\\/ec-sainte-therese.com\\\/wp-content\\\/uploads\\\/2025\\\/11\\\/Plan-de-travail-10.jpg&quot;},{&quot;id&quot;:2227,&quot;url&quot;:&quot;https:\\\/\\\/ec-sainte-therese.com\\\/wp-content\\\/uploads\\\/2025\\\/11\\\/Plan-de-travail-11.jpg&quot;},{&quot;id&quot;:2228,&quot;url&quot;:&quot;https:\\\/\\\/ec-sainte-therese.com\\\/wp-content\\\/uploads\\\/2025\\\/11\\\/Plan-de-travail-12.jpg&quot;},{&quot;id&quot;:2229,&quot;url&quot;:&quot;https:\\\/\\\/ec-sainte-therese.com\\\/wp-content\\\/uploads\\\/2025\\\/11\\\/Plan-de-travail-13.jpg&quot;}],&quot;background_slideshow_loop&quot;:&quot;yes&quot;,&quot;background_slideshow_slide_duration&quot;:5000,&quot;background_slideshow_slide_transition&quot;:&quot;fade&quot;,&quot;background_slideshow_transition_duration&quot;:500}\">\n\t\t\t\t\t\t\t<div class=\"elementor-background-overlay\"><\/div>\n\t\t\t\t\t\t\t<div class=\"elementor-container elementor-column-gap-no\">\n\t\t\t\t\t<div class=\"elementor-column elementor-col-100 elementor-top-column elementor-element elementor-element-7001c99\" data-id=\"7001c99\" data-element_type=\"column\" data-e-type=\"column\">\n\t\t\t<div class=\"elementor-widget-wrap elementor-element-populated\">\n\t\t\t\t\t\t<section class=\"elementor-section elementor-inner-section elementor-element elementor-element-f1d0a2f elementor-section-boxed elementor-section-height-default elementor-section-height-default\" data-id=\"f1d0a2f\" data-element_type=\"section\" data-e-type=\"section\">\n\t\t\t\t\t\t<div class=\"elementor-container elementor-column-gap-default\">\n\t\t\t\t\t<div class=\"elementor-column elementor-col-100 elementor-inner-column elementor-element elementor-element-9889772\" data-id=\"9889772\" data-element_type=\"column\" data-e-type=\"column\">\n\t\t\t<div class=\"elementor-widget-wrap\">\n\t\t\t\t\t\t\t<\/div>\n\t\t<\/div>\n\t\t\t\t\t<\/div>\n\t\t<\/section>\n\t\t\t\t\t<\/div>\n\t\t<\/div>\n\t\t\t\t\t<\/div>\n\t\t<\/section>\n\t\t\t\t<section class=\"elementor-section elementor-top-section elementor-element elementor-element-33df576 elementor-section-boxed elementor-section-height-default elementor-section-height-default\" data-id=\"33df576\" data-element_type=\"section\" data-e-type=\"section\">\n\t\t\t\t\t\t<div class=\"elementor-container elementor-column-gap-default\">\n\t\t\t\t\t<div class=\"elementor-column elementor-col-100 elementor-top-column elementor-element elementor-element-78c2b5d\" data-id=\"78c2b5d\" data-element_type=\"column\" data-e-type=\"column\">\n\t\t\t<div class=\"elementor-widget-wrap elementor-element-populated\">\n\t\t\t\t\t\t<div class=\"elementor-element elementor-element-f171061 elementor-widget elementor-widget-text-editor\" data-id=\"f171061\" data-element_type=\"widget\" data-e-type=\"widget\" data-widget_type=\"text-editor.default\">\n\t\t\t\t<div class=\"elementor-widget-container\">\n\t\t\t\t\t\t\t\t\tCette ann\u00e9e encore, la fin de l\u2019ann\u00e9e scolaire a \u00e9t\u00e9 c\u00e9l\u00e9br\u00e9e dans la joie avec la traditionnelle kermesse de l\u2019\u00e9cole. En raison de la forte canicule, la f\u00eate n\u2019a pu se tenir \u00e0 la Guinguette le dimanche 28 juin comme pr\u00e9vu. Elle a eu lieu le dernier jour d\u2019\u00e9cole dans la cour de l\u2019\u00e9cole, transform\u00e9e pour l\u2019occasion en v\u00e9ritable sc\u00e8ne de spectacle !\nLe th\u00e8me choisi cette ann\u00e9e : \u2018\u2019Les paysages d\u2019ici et d\u2019ailleurs\u2019\u2019 a fait voyager petits et grands. Les \u00e9l\u00e8ves de maternelle (PS \/MS\/ GS) ont emmen\u00e9 le public \u00e0 la montagne, les CP\/CE1 ont offert une danse endiabl\u00e9e sur le th\u00e8me des cow-boys am\u00e9ricains et les CE2\/CM1\/CM2 ont pr\u00e9sent\u00e9 un magnifique medley aux couleurs de l\u2019Inde, des danses africaines, du Br\u00e9sil, de la Martinique et de New-York.\nApr\u00e8s les danses, un joyeux d\u00e9fil\u00e9 a parcouru les rues de Malicorne. Une belle occasion de montrer nos beaux costumes !\nLes festivit\u00e9s se sont poursuivies \u00e0 l\u2019\u00e9cole avec des jeux anim\u00e9s avec enthousiasme par les ASEM, les enseignantes ainsi que de nombreux parents b\u00e9n\u00e9voles.\nUn grand bravo \u00e0 tous les \u00e9l\u00e8ves pour leurs superbes prestations et un grand merci \u00e0 l\u2019\u00e9quipe \u00e9ducative ainsi qu\u2019aux familles pour leur aide et leur bonne humeur.\n\t\t\t\t\t\t\t\t<\/div>\n\t\t\t\t<\/div>\n\t\t\t\t\t<\/div>\n\t\t<\/div>\n\t\t\t\t\t<\/div>\n\t\t<\/section>\n\t\t\t\t<\/div>\n\t\t","protected":false},"excerpt":{"rendered":"<p>Cette ann\u00e9e encore, la fin de l\u2019ann\u00e9e scolaire a \u00e9t\u00e9 c\u00e9l\u00e9br\u00e9e dans la joie avec la traditionnelle kermesse de l\u2019\u00e9cole. En raison de la forte canicule, la f\u00eate n\u2019a pu se tenir \u00e0 la Guinguette le dimanche 28 juin comme pr\u00e9vu. Elle a eu lieu le dernier jour d\u2019\u00e9cole dans la cour de l\u2019\u00e9cole, transform\u00e9e [&hellip;]<\/p>\n","protected":false},"author":1,"featured_media":2217,"comment_status":"closed","ping_status":"closed","sticky":false,"template":"","format":"standard","meta":{"site-sidebar-layout":"default","site-content-layout":"","ast-site-content-layout":"default","site-content-style":"default","site-sidebar-style":"default","ast-global-header-display":"","ast-banner-title-visibility":"","ast-main-header-display":"","ast-hfb-above-header-display":"","ast-hfb-below-header-display":"","ast-hfb-mobile-header-display":"","site-post-title":"","ast-breadcrumbs-content":"","ast-featured-img":"","footer-sml-layout":"","ast-disable-related-posts":"","theme-transparent-header-meta":"","adv-header-id-meta":"","stick-header-meta":"","header-above-stick-meta":"","header-main-stick-meta":"","header-below-stick-meta":"","astra-migrate-meta-layouts":"set","ast-page-background-enabled":"default","ast-page-background-meta":{"desktop":{"background-color":"var(--ast-global-color-4)","background-image":"","background-repeat":"repeat","background-position":"center center","background-size":"auto","background-attachment":"scroll","background-type":"","background-media":"","overlay-type":"","overlay-color":"","overlay-opacity":"","overlay-gradient":""},"tablet":{"background-color":"","background-image":"","background-repeat":"repeat","background-position":"center center","background-size":"auto","background-attachment":"scroll","background-type":"","background-media":"","overlay-type":"","overlay-color":"","overlay-opacity":"","overlay-gradient":""},"mobile":{"background-color":"","background-image":"","background-repeat":"repeat","background-position":"center center","background-size":"auto","background-attachment":"scroll","background-type":"","background-media":"","overlay-type":"","overlay-color":"","overlay-opacity":"","overlay-gradient":""}},"ast-content-background-meta":{"desktop":{"background-color":"var(--ast-global-color-5)","background-image":"","background-repeat":"repeat","background-position":"center center","background-size":"auto","background-attachment":"scroll","background-type":"","background-media":"","overlay-type":"","overlay-color":"","overlay-opacity":"","overlay-gradient":""},"tablet":{"background-color":"var(--ast-global-color-5)","background-image":"","background-repeat":"repeat","background-position":"center center","background-size":"auto","background-attachment":"scroll","background-type":"","background-media":"","overlay-type":"","overlay-color":"","overlay-opacity":"","overlay-gradient":""},"mobile":{"background-color":"var(--ast-global-color-5)","background-image":"","background-repeat":"repeat","background-position":"center center","background-size":"auto","background-attachment":"scroll","background-type":"","background-media":"","overlay-type":"","overlay-color":"","overlay-opacity":"","overlay-gradient":""}},"footnotes":""},"categories":[1],"tags":[],"class_list":["post-2172","post","type-post","status-publish","format-standard","has-post-thumbnail","hentry","category-uncategorized"],"yoast_head":"<!-- This site is optimized with the Yoast SEO plugin v27.4 - https:\/\/yoast.com\/product\/yoast-seo-wordpress\/ -->\n<title>UNE BELLE KERMESSE POUR CLOTURER L\u2019ANNEE SCOLAIRE 2024-2025 - ECOLE PRIVEE SAINTE THERESE<\/title>\n<meta name=\"robots\" content=\"index, follow, max-snippet:-1, max-image-preview:large, max-video-preview:-1\" \/>\n<link rel=\"canonical\" href=\"https:\/\/ec-sainte-therese.com\/?p=2172\" \/>\n<meta property=\"og:locale\" content=\"fr_FR\" \/>\n<meta property=\"og:type\" content=\"article\" \/>\n<meta property=\"og:title\" content=\"UNE BELLE KERMESSE POUR CLOTURER L\u2019ANNEE SCOLAIRE 2024-2025 - ECOLE PRIVEE SAINTE THERESE\" \/>\n<meta property=\"og:description\" content=\"Cette ann\u00e9e encore, la fin de l\u2019ann\u00e9e scolaire a \u00e9t\u00e9 c\u00e9l\u00e9br\u00e9e dans la joie avec la traditionnelle kermesse de l\u2019\u00e9cole. En raison de la forte canicule, la f\u00eate n\u2019a pu se tenir \u00e0 la Guinguette le dimanche 28 juin comme pr\u00e9vu. Elle a eu lieu le dernier jour d\u2019\u00e9cole dans la cour de l\u2019\u00e9cole, transform\u00e9e [&hellip;]\" \/>\n<meta property=\"og:url\" content=\"https:\/\/ec-sainte-therese.com\/?p=2172\" \/>\n<meta property=\"og:site_name\" content=\"ECOLE PRIVEE SAINTE THERESE\" \/>\n<meta property=\"article:publisher\" content=\"https:\/\/www.facebook.com\/APELSAINTETHERESE72\" \/>\n<meta property=\"article:author\" content=\"https:\/\/www.facebook.com\/APELSAINTETHERESE72\" \/>\n<meta property=\"article:published_time\" content=\"2025-11-01T14:44:23+00:00\" \/>\n<meta property=\"article:modified_time\" content=\"2026-04-15T21:10:38+00:00\" \/>\n<meta property=\"og:image\" content=\"https:\/\/ec-sainte-therese.com\/wp-content\/uploads\/2025\/11\/Plan-de-travail-1-2.jpg\" \/>\n\t<meta property=\"og:image:width\" content=\"920\" \/>\n\t<meta property=\"og:image:height\" content=\"436\" \/>\n\t<meta property=\"og:image:type\" content=\"image\/jpeg\" \/>\n<meta name=\"author\" content=\"ECOLE SAINTE THERESE\" \/>\n<meta name=\"twitter:card\" content=\"summary_large_image\" \/>\n<meta name=\"twitter:label1\" content=\"\u00c9crit par\" \/>\n\t<meta name=\"twitter:data1\" content=\"ECOLE SAINTE THERESE\" \/>\n\t<meta name=\"twitter:label2\" content=\"Dur\u00e9e de lecture estim\u00e9e\" \/>\n\t<meta name=\"twitter:data2\" content=\"2 minutes\" \/>\n<script type=\"application\/ld+json\" class=\"yoast-schema-graph\">{\"@context\":\"https:\\\/\\\/schema.org\",\"@graph\":[{\"@type\":\"Article\",\"@id\":\"https:\\\/\\\/ec-sainte-therese.com\\\/?p=2172#article\",\"isPartOf\":{\"@id\":\"https:\\\/\\\/ec-sainte-therese.com\\\/?p=2172\"},\"author\":{\"name\":\"ECOLE SAINTE THERESE\",\"@id\":\"https:\\\/\\\/ec-sainte-therese.com\\\/#\\\/schema\\\/person\\\/0fa406d6b076acf9ac0e2b93f301a7fa\"},\"headline\":\"UNE BELLE KERMESSE POUR CLOTURER L\u2019ANNEE SCOLAIRE 2024-2025\",\"datePublished\":\"2025-11-01T14:44:23+00:00\",\"dateModified\":\"2026-04-15T21:10:38+00:00\",\"mainEntityOfPage\":{\"@id\":\"https:\\\/\\\/ec-sainte-therese.com\\\/?p=2172\"},\"wordCount\":243,\"publisher\":{\"@id\":\"https:\\\/\\\/ec-sainte-therese.com\\\/#organization\"},\"image\":{\"@id\":\"https:\\\/\\\/ec-sainte-therese.com\\\/?p=2172#primaryimage\"},\"thumbnailUrl\":\"https:\\\/\\\/ec-sainte-therese.com\\\/wp-content\\\/uploads\\\/2025\\\/11\\\/Plan-de-travail-1-2.jpg\",\"articleSection\":[\"Uncategorized\"],\"inLanguage\":\"fr-FR\"},{\"@type\":\"WebPage\",\"@id\":\"https:\\\/\\\/ec-sainte-therese.com\\\/?p=2172\",\"url\":\"https:\\\/\\\/ec-sainte-therese.com\\\/?p=2172\",\"name\":\"UNE BELLE KERMESSE POUR CLOTURER L\u2019ANNEE SCOLAIRE 2024-2025 - ECOLE PRIVEE SAINTE THERESE\",\"isPartOf\":{\"@id\":\"https:\\\/\\\/ec-sainte-therese.com\\\/#website\"},\"primaryImageOfPage\":{\"@id\":\"https:\\\/\\\/ec-sainte-therese.com\\\/?p=2172#primaryimage\"},\"image\":{\"@id\":\"https:\\\/\\\/ec-sainte-therese.com\\\/?p=2172#primaryimage\"},\"thumbnailUrl\":\"https:\\\/\\\/ec-sainte-therese.com\\\/wp-content\\\/uploads\\\/2025\\\/11\\\/Plan-de-travail-1-2.jpg\",\"datePublished\":\"2025-11-01T14:44:23+00:00\",\"dateModified\":\"2026-04-15T21:10:38+00:00\",\"breadcrumb\":{\"@id\":\"https:\\\/\\\/ec-sainte-therese.com\\\/?p=2172#breadcrumb\"},\"inLanguage\":\"fr-FR\",\"potentialAction\":[{\"@type\":\"ReadAction\",\"target\":[\"https:\\\/\\\/ec-sainte-therese.com\\\/?p=2172\"]}]},{\"@type\":\"ImageObject\",\"inLanguage\":\"fr-FR\",\"@id\":\"https:\\\/\\\/ec-sainte-therese.com\\\/?p=2172#primaryimage\",\"url\":\"https:\\\/\\\/ec-sainte-therese.com\\\/wp-content\\\/uploads\\\/2025\\\/11\\\/Plan-de-travail-1-2.jpg\",\"contentUrl\":\"https:\\\/\\\/ec-sainte-therese.com\\\/wp-content\\\/uploads\\\/2025\\\/11\\\/Plan-de-travail-1-2.jpg\",\"width\":920,\"height\":436},{\"@type\":\"BreadcrumbList\",\"@id\":\"https:\\\/\\\/ec-sainte-therese.com\\\/?p=2172#breadcrumb\",\"itemListElement\":[{\"@type\":\"ListItem\",\"position\":1,\"name\":\"Accueil\",\"item\":\"https:\\\/\\\/ec-sainte-therese.com\\\/\"},{\"@type\":\"ListItem\",\"position\":2,\"name\":\"UNE BELLE KERMESSE POUR CLOTURER L\u2019ANNEE SCOLAIRE 2024-2025\"}]},{\"@type\":\"WebSite\",\"@id\":\"https:\\\/\\\/ec-sainte-therese.com\\\/#website\",\"url\":\"https:\\\/\\\/ec-sainte-therese.com\\\/\",\"name\":\"ECOLE PRIVEE SAINTE THERESE\",\"description\":\"\",\"publisher\":{\"@id\":\"https:\\\/\\\/ec-sainte-therese.com\\\/#organization\"},\"potentialAction\":[{\"@type\":\"SearchAction\",\"target\":{\"@type\":\"EntryPoint\",\"urlTemplate\":\"https:\\\/\\\/ec-sainte-therese.com\\\/?s={search_term_string}\"},\"query-input\":{\"@type\":\"PropertyValueSpecification\",\"valueRequired\":true,\"valueName\":\"search_term_string\"}}],\"inLanguage\":\"fr-FR\"},{\"@type\":\"Organization\",\"@id\":\"https:\\\/\\\/ec-sainte-therese.com\\\/#organization\",\"name\":\"ECOLE SAINTE THERESE\",\"alternateName\":\"ECOLE PRIVE\",\"url\":\"https:\\\/\\\/ec-sainte-therese.com\\\/\",\"logo\":{\"@type\":\"ImageObject\",\"inLanguage\":\"fr-FR\",\"@id\":\"https:\\\/\\\/ec-sainte-therese.com\\\/#\\\/schema\\\/logo\\\/image\\\/\",\"url\":\"https:\\\/\\\/ec-sainte-therese.com\\\/wp-content\\\/uploads\\\/2022\\\/12\\\/cropped-logo.png\",\"contentUrl\":\"https:\\\/\\\/ec-sainte-therese.com\\\/wp-content\\\/uploads\\\/2022\\\/12\\\/cropped-logo.png\",\"width\":240,\"height\":91,\"caption\":\"ECOLE SAINTE THERESE\"},\"image\":{\"@id\":\"https:\\\/\\\/ec-sainte-therese.com\\\/#\\\/schema\\\/logo\\\/image\\\/\"},\"sameAs\":[\"https:\\\/\\\/www.facebook.com\\\/APELSAINTETHERESE72\"]},{\"@type\":\"Person\",\"@id\":\"https:\\\/\\\/ec-sainte-therese.com\\\/#\\\/schema\\\/person\\\/0fa406d6b076acf9ac0e2b93f301a7fa\",\"name\":\"ECOLE SAINTE THERESE\",\"image\":{\"@type\":\"ImageObject\",\"inLanguage\":\"fr-FR\",\"@id\":\"https:\\\/\\\/secure.gravatar.com\\\/avatar\\\/bd21ae5d5f9424afceef326c52f10a03e4af42f2998617ce38bf7bb969b93afb?s=96&d=mm&r=g\",\"url\":\"https:\\\/\\\/secure.gravatar.com\\\/avatar\\\/bd21ae5d5f9424afceef326c52f10a03e4af42f2998617ce38bf7bb969b93afb?s=96&d=mm&r=g\",\"contentUrl\":\"https:\\\/\\\/secure.gravatar.com\\\/avatar\\\/bd21ae5d5f9424afceef326c52f10a03e4af42f2998617ce38bf7bb969b93afb?s=96&d=mm&r=g\",\"caption\":\"ECOLE SAINTE THERESE\"},\"sameAs\":[\"http:\\\/\\\/ec-sainte-therese.com\",\"https:\\\/\\\/www.facebook.com\\\/APELSAINTETHERESE72\"],\"url\":\"https:\\\/\\\/ec-sainte-therese.com\\\/?author=1\"}]}<\/script>\n<!-- \/ Yoast SEO plugin. -->","yoast_head_json":{"title":"UNE BELLE KERMESSE POUR CLOTURER L\u2019ANNEE SCOLAIRE 2024-2025 - ECOLE PRIVEE SAINTE THERESE","robots":{"index":"index","follow":"follow","max-snippet":"max-snippet:-1","max-image-preview":"max-image-preview:large","max-video-preview":"max-video-preview:-1"},"canonical":"https:\/\/ec-sainte-therese.com\/?p=2172","og_locale":"fr_FR","og_type":"article","og_title":"UNE BELLE KERMESSE POUR CLOTURER L\u2019ANNEE SCOLAIRE 2024-2025 - ECOLE PRIVEE SAINTE THERESE","og_description":"Cette ann\u00e9e encore, la fin de l\u2019ann\u00e9e scolaire a \u00e9t\u00e9 c\u00e9l\u00e9br\u00e9e dans la joie avec la traditionnelle kermesse de l\u2019\u00e9cole. En raison de la forte canicule, la f\u00eate n\u2019a pu se tenir \u00e0 la Guinguette le dimanche 28 juin comme pr\u00e9vu. Elle a eu lieu le dernier jour d\u2019\u00e9cole dans la cour de l\u2019\u00e9cole, transform\u00e9e [&hellip;]","og_url":"https:\/\/ec-sainte-therese.com\/?p=2172","og_site_name":"ECOLE PRIVEE SAINTE THERESE","article_publisher":"https:\/\/www.facebook.com\/APELSAINTETHERESE72","article_author":"https:\/\/www.facebook.com\/APELSAINTETHERESE72","article_published_time":"2025-11-01T14:44:23+00:00","article_modified_time":"2026-04-15T21:10:38+00:00","og_image":[{"width":920,"height":436,"url":"https:\/\/ec-sainte-therese.com\/wp-content\/uploads\/2025\/11\/Plan-de-travail-1-2.jpg","type":"image\/jpeg"}],"author":"ECOLE SAINTE THERESE","twitter_card":"summary_large_image","twitter_misc":{"\u00c9crit par":"ECOLE SAINTE THERESE","Dur\u00e9e de lecture estim\u00e9e":"2 minutes"},"schema":{"@context":"https:\/\/schema.org","@graph":[{"@type":"Article","@id":"https:\/\/ec-sainte-therese.com\/?p=2172#article","isPartOf":{"@id":"https:\/\/ec-sainte-therese.com\/?p=2172"},"author":{"name":"ECOLE SAINTE THERESE","@id":"https:\/\/ec-sainte-therese.com\/#\/schema\/person\/0fa406d6b076acf9ac0e2b93f301a7fa"},"headline":"UNE BELLE KERMESSE POUR CLOTURER L\u2019ANNEE SCOLAIRE 2024-2025","datePublished":"2025-11-01T14:44:23+00:00","dateModified":"2026-04-15T21:10:38+00:00","mainEntityOfPage":{"@id":"https:\/\/ec-sainte-therese.com\/?p=2172"},"wordCount":243,"publisher":{"@id":"https:\/\/ec-sainte-therese.com\/#organization"},"image":{"@id":"https:\/\/ec-sainte-therese.com\/?p=2172#primaryimage"},"thumbnailUrl":"https:\/\/ec-sainte-therese.com\/wp-content\/uploads\/2025\/11\/Plan-de-travail-1-2.jpg","articleSection":["Uncategorized"],"inLanguage":"fr-FR"},{"@type":"WebPage","@id":"https:\/\/ec-sainte-therese.com\/?p=2172","url":"https:\/\/ec-sainte-therese.com\/?p=2172","name":"UNE BELLE KERMESSE POUR CLOTURER L\u2019ANNEE SCOLAIRE 2024-2025 - ECOLE PRIVEE SAINTE THERESE","isPartOf":{"@id":"https:\/\/ec-sainte-therese.com\/#website"},"primaryImageOfPage":{"@id":"https:\/\/ec-sainte-therese.com\/?p=2172#primaryimage"},"image":{"@id":"https:\/\/ec-sainte-therese.com\/?p=2172#primaryimage"},"thumbnailUrl":"https:\/\/ec-sainte-therese.com\/wp-content\/uploads\/2025\/11\/Plan-de-travail-1-2.jpg","datePublished":"2025-11-01T14:44:23+00:00","dateModified":"2026-04-15T21:10:38+00:00","breadcrumb":{"@id":"https:\/\/ec-sainte-therese.com\/?p=2172#breadcrumb"},"inLanguage":"fr-FR","potentialAction":[{"@type":"ReadAction","target":["https:\/\/ec-sainte-therese.com\/?p=2172"]}]},{"@type":"ImageObject","inLanguage":"fr-FR","@id":"https:\/\/ec-sainte-therese.com\/?p=2172#primaryimage","url":"https:\/\/ec-sainte-therese.com\/wp-content\/uploads\/2025\/11\/Plan-de-travail-1-2.jpg","contentUrl":"https:\/\/ec-sainte-therese.com\/wp-content\/uploads\/2025\/11\/Plan-de-travail-1-2.jpg","width":920,"height":436},{"@type":"BreadcrumbList","@id":"https:\/\/ec-sainte-therese.com\/?p=2172#breadcrumb","itemListElement":[{"@type":"ListItem","position":1,"name":"Accueil","item":"https:\/\/ec-sainte-therese.com\/"},{"@type":"ListItem","position":2,"name":"UNE BELLE KERMESSE POUR CLOTURER L\u2019ANNEE SCOLAIRE 2024-2025"}]},{"@type":"WebSite","@id":"https:\/\/ec-sainte-therese.com\/#website","url":"https:\/\/ec-sainte-therese.com\/","name":"ECOLE PRIVEE SAINTE THERESE","description":"","publisher":{"@id":"https:\/\/ec-sainte-therese.com\/#organization"},"potentialAction":[{"@type":"SearchAction","target":{"@type":"EntryPoint","urlTemplate":"https:\/\/ec-sainte-therese.com\/?s={search_term_string}"},"query-input":{"@type":"PropertyValueSpecification","valueRequired":true,"valueName":"search_term_string"}}],"inLanguage":"fr-FR"},{"@type":"Organization","@id":"https:\/\/ec-sainte-therese.com\/#organization","name":"ECOLE SAINTE THERESE","alternateName":"ECOLE PRIVE","url":"https:\/\/ec-sainte-therese.com\/","logo":{"@type":"ImageObject","inLanguage":"fr-FR","@id":"https:\/\/ec-sainte-therese.com\/#\/schema\/logo\/image\/","url":"https:\/\/ec-sainte-therese.com\/wp-content\/uploads\/2022\/12\/cropped-logo.png","contentUrl":"https:\/\/ec-sainte-therese.com\/wp-content\/uploads\/2022\/12\/cropped-logo.png","width":240,"height":91,"caption":"ECOLE SAINTE THERESE"},"image":{"@id":"https:\/\/ec-sainte-therese.com\/#\/schema\/logo\/image\/"},"sameAs":["https:\/\/www.facebook.com\/APELSAINTETHERESE72"]},{"@type":"Person","@id":"https:\/\/ec-sainte-therese.com\/#\/schema\/person\/0fa406d6b076acf9ac0e2b93f301a7fa","name":"ECOLE SAINTE THERESE","image":{"@type":"ImageObject","inLanguage":"fr-FR","@id":"https:\/\/secure.gravatar.com\/avatar\/bd21ae5d5f9424afceef326c52f10a03e4af42f2998617ce38bf7bb969b93afb?s=96&d=mm&r=g","url":"https:\/\/secure.gravatar.com\/avatar\/bd21ae5d5f9424afceef326c52f10a03e4af42f2998617ce38bf7bb969b93afb?s=96&d=mm&r=g","contentUrl":"https:\/\/secure.gravatar.com\/avatar\/bd21ae5d5f9424afceef326c52f10a03e4af42f2998617ce38bf7bb969b93afb?s=96&d=mm&r=g","caption":"ECOLE SAINTE THERESE"},"sameAs":["http:\/\/ec-sainte-therese.com","https:\/\/www.facebook.com\/APELSAINTETHERESE72"],"url":"https:\/\/ec-sainte-therese.com\/?author=1"}]}},"_links":{"self":[{"href":"https:\/\/ec-sainte-therese.com\/index.php?rest_route=\/wp\/v2\/posts\/2172","targetHints":{"allow":["GET"]}}],"collection":[{"href":"https:\/\/ec-sainte-therese.com\/index.php?rest_route=\/wp\/v2\/posts"}],"about":[{"href":"https:\/\/ec-sainte-therese.com\/index.php?rest_route=\/wp\/v2\/types\/post"}],"author":[{"embeddable":true,"href":"https:\/\/ec-sainte-therese.com\/index.php?rest_route=\/wp\/v2\/users\/1"}],"replies":[{"embeddable":true,"href":"https:\/\/ec-sainte-therese.com\/index.php?rest_route=%2Fwp%2Fv2%2Fcomments&post=2172"}],"version-history":[{"count":11,"href":"https:\/\/ec-sainte-therese.com\/index.php?rest_route=\/wp\/v2\/posts\/2172\/revisions"}],"predecessor-version":[{"id":2232,"href":"https:\/\/ec-sainte-therese.com\/index.php?rest_route=\/wp\/v2\/posts\/2172\/revisions\/2232"}],"wp:featuredmedia":[{"embeddable":true,"href":"https:\/\/ec-sainte-therese.com\/index.php?rest_route=\/wp\/v2\/media\/2217"}],"wp:attachment":[{"href":"https:\/\/ec-sainte-therese.com\/index.php?rest_route=%2Fwp%2Fv2%2Fmedia&parent=2172"}],"wp:term":[{"taxonomy":"category","embeddable":true,"href":"https:\/\/ec-sainte-therese.com\/index.php?rest_route=%2Fwp%2Fv2%2Fcategories&post=2172"},{"taxonomy":"post_tag","embeddable":true,"href":"https:\/\/ec-sainte-therese.com\/index.php?rest_route=%2Fwp%2Fv2%2Ftags&post=2172"}],"curies":[{"name":"wp","href":"https:\/\/api.w.org\/{rel}","templated":true}]}}